{"id":11322,"date":"2023-08-04T16:23:03","date_gmt":"2023-08-04T14:23:03","guid":{"rendered":"https:\/\/www.minoterie-planchot.com\/blog\/?p=11322"},"modified":"2023-08-04T16:27:50","modified_gmt":"2023-08-04T14:27:50","slug":"serbotel2023","status":"publish","type":"post","link":"https:\/\/www.minoterie-planchot.com\/blog\/serbotel2023\/","title":{"rendered":"SERBOTEL 2023 !"},"content":{"rendered":"<p>Du 22 au 25 octobre prochain se d\u00e9roulera \u00e0 Nantes (La Beaujoire) le salon professionnel <a href=\"https:\/\/www.serbotel.com\/\">SERBOTEL<\/a> destin\u00e9 aux m\u00e9tiers de bouche.<\/p>\n<p><a href=\"https:\/\/www.minoterie-planchot.com\/accueil.html\">La Minoterie Planchot<\/a> sera au rendez-vous afin de pr\u00e9senter sa gamme de farine, en symbiose avec ses valeurs.<\/p>\n<p>Notre \u00e9quipe commerciale se pr\u00e9pare \u00e0 vous accueillir dans un univers familial et chaleureux, \u00e0 l\u2019image de la Minoterie.<\/p>\n<p>Au programme : Conf\u00e9rences, d\u00e9couverte et d\u00e9gustation de nos produits, pr\u00e9sentation de notre nouveau concept de vente \u00ab Les Nouveaux boulangers \u00bb et de nombreuses surprises.<\/p>\n<p>Un moment privil\u00e9gi\u00e9 pour tous, favorisant l&rsquo;\u00e9change avec nos clients, futurs clients et fournisseurs.<\/p>\n<p>N&rsquo;h\u00e9sitez pas \u00e0 venir nous rencontrer stand 858 &#8211; Hall XXL !<\/p>\n","protected":false},"excerpt":{"rendered":"<p>Du 22 au 25 octobre prochain se d\u00e9roulera \u00e0 Nantes (La Beaujoire) le salon professionnel SERBOTEL destin\u00e9 aux m\u00e9tiers de bouche. La Minoterie Planchot sera au rendez-vous afin de pr\u00e9senter sa gamme de farine, en symbiose avec ses valeurs. Notre [&hellip;]<\/p>\n","protected":false},"author":2,"featured_media":11327,"comment_status":"closed","ping_status":"closed","sticky":false,"template":"","format":"standard","meta":{"footnotes":""},"categories":[1,259],"tags":[],"class_list":["post-11322","post","type-post","status-publish","format-standard","has-post-thumbnail","hentry","category-non-classe","category-nos-evenements"],"aioseo_notices":[],"_links":{"self":[{"href":"https:\/\/www.minoterie-planchot.com\/blog\/wp-json\/wp\/v2\/posts\/11322","targetHints":{"allow":["GET"]}}],"collection":[{"href":"https:\/\/www.minoterie-planchot.com\/blog\/wp-json\/wp\/v2\/posts"}],"about":[{"href":"https:\/\/www.minoterie-planchot.com\/blog\/wp-json\/wp\/v2\/types\/post"}],"author":[{"embeddable":true,"href":"https:\/\/www.minoterie-planchot.com\/blog\/wp-json\/wp\/v2\/users\/2"}],"replies":[{"embeddable":true,"href":"https:\/\/www.minoterie-planchot.com\/blog\/wp-json\/wp\/v2\/comments?post=11322"}],"version-history":[{"count":3,"href":"https:\/\/www.minoterie-planchot.com\/blog\/wp-json\/wp\/v2\/posts\/11322\/revisions"}],"predecessor-version":[{"id":11326,"href":"https:\/\/www.minoterie-planchot.com\/blog\/wp-json\/wp\/v2\/posts\/11322\/revisions\/11326"}],"wp:featuredmedia":[{"embeddable":true,"href":"https:\/\/www.minoterie-planchot.com\/blog\/wp-json\/wp\/v2\/media\/11327"}],"wp:attachment":[{"href":"https:\/\/www.minoterie-planchot.com\/blog\/wp-json\/wp\/v2\/media?parent=11322"}],"wp:term":[{"taxonomy":"category","embeddable":true,"href":"https:\/\/www.minoterie-planchot.com\/blog\/wp-json\/wp\/v2\/categories?post=11322"},{"taxonomy":"post_tag","embeddable":true,"href":"https:\/\/www.minoterie-planchot.com\/blog\/wp-json\/wp\/v2\/tags?post=11322"}],"curies":[{"name":"wp","href":"https:\/\/api.w.org\/{rel}","templated":true}]}}